{"id":1302,"__str__":"Projeto de Lei Ordin\u00e1ria n\u00ba 1683 de 2025","link_detail_backend":"/materia/1302","metadata":{},"numero":1683,"ano":2025,"numero_protocolo":null,"data_apresentacao":"2025-06-20","tipo_apresentacao":"E","data_publicacao":null,"numero_origem_externa":"","ano_origem_externa":null,"data_origem_externa":null,"apelido":"","dias_prazo":null,"data_fim_prazo":null,"em_tramitacao":false,"polemica":false,"objeto":"","complementar":false,"ementa":"Projeto de Lei n\u00ba. 1683/2025 que \u201cAbre Cr\u00e9dito Especial por Recurso Vinculado no valor de R$ 57.740,00 \u2013 SUS Federal Investimento \u2013 Estrutura de Unidade de Aten\u00e7\u00e3o Especializada - SEMUSA e d\u00e1 outras provid\u00eancias\u201d.","indexacao":"","observacao":"Esse Projeto de Lei visa efetuar ajustes or\u00e7ament\u00e1rios junto a Secretaria Municipal de Sa\u00fade tendo em vista a necessidade de aplica\u00e7\u00e3o de recursos oriundos do SUS Federal Investimento \u2013 Estrutura de Unidade de Aten\u00e7\u00e3o Especializada em Sa\u00fade em cumprimento \u00e0 Proposta n\u00ba 11295659000124008.","resultado":"","texto_original":"http://sapl.saofelipedoeste.ro.leg.br/media/sapl/public/materialegislativa/2025/1302/projeto_de_lei__1683_2025_-_abre_cred._esp._rec._vinc._-_sus_fed._invest._estrut._at._esp._-_r_57.74000_-_semusa.ass.pdf","data_ultima_atualizacao":"2026-01-22T10:21:30.319168-03:00","ip":"45.233.222.2","ultima_edicao":"2025-06-20T11:16:52.604639-03:00","tipo":6,"regime_tramitacao":2,"tipo_origem_externa":null,"local_origem_externa":null,"user":2,"anexadas":[],"autores":[29]}